{"id":1284,"date":"2025-04-22T01:01:58","date_gmt":"2025-04-21T23:01:58","guid":{"rendered":"https:\/\/gloeckle.org\/wordpress\/?p=1284"},"modified":"2025-04-22T01:02:47","modified_gmt":"2025-04-21T23:02:47","slug":"meta-facebook-andere-ki-training-widerspruch","status":"publish","type":"post","link":"https:\/\/gloeckle.org\/wordpress\/?p=1284","title":{"rendered":"meta \/ facebook &amp; Andere KI Training Widerspruch"},"content":{"rendered":"\n<p>Folgenden Text habe ich soeben erfolgreich dazu genutzt, dem KI-Training mit meinen Daten zu widersprechen. Dieser kann nat\u00fcrlich auch abge\u00e4ndert f\u00fcr andere Konten und Dienste verwendet werden. Macht euch die M\u00fche und tut das!<\/p>\n\n\n\n<p>_<\/p>\n\n\n\n<p>Hiermit lege ich Widerspruch gegen die Verwendung meiner personenbezogenen Daten f\u00fcr das Training von K\u00fcnstlicher Intelligenz (KI) bei Meta\/Facebook sowie bei allen verbundenen Diensten und Gesch\u00e4ftspartnern ein. Dieser Widerspruch erfolgt unter Berufung auf die Bestimmungen der Datenschutz-Grundverordnung (DSGVO) sowie des Grundgesetzes der Bundesrepublik Deutschland.<\/p>\n\n\n\n<ol class=\"wp-block-list\">\n<li>Rechtsgrundlage der DSGVO<\/li>\n<\/ol>\n\n\n\n<p>Gem\u00e4\u00df Art. 6 Abs. 1 lit. a DSGVO ist die Verarbeitung personenbezogener Daten nur rechtm\u00e4\u00dfig, wenn die betroffene Person ihre Einwilligung gegeben hat. Ich widerrufe hiermit jede erteilte Einwilligung zur Verarbeitung meiner Daten f\u00fcr Zwecke des KI-Trainings.<\/p>\n\n\n\n<ol start=\"2\" class=\"wp-block-list\">\n<li>Grundsatz der Datenminimierung<\/li>\n<\/ol>\n\n\n\n<p>Nach Art. 5 Abs. 1 lit. c DSGVO d\u00fcrfen personenbezogene Daten nur in dem Umfang verarbeitet werden, der f\u00fcr die jeweiligen Zwecke erforderlich ist. Die Verwendung meiner Daten f\u00fcr KI-Training \u00fcbersteigt diesen Rahmen und ist daher unzul\u00e4ssig.<\/p>\n\n\n\n<ol start=\"3\" class=\"wp-block-list\">\n<li>Grundrecht auf informationelle Selbstbestimmung<\/li>\n<\/ol>\n\n\n\n<p>Das Grundgesetz der Bundesrepublik Deutschland sch\u00fctzt in Art. 2 Abs. 1 in Verbindung mit Art. 1 Abs. 1 das Recht auf informationelle Selbstbestimmung. Ich habe das Recht zu entscheiden, wie und zu welchem Zweck meine personenbezogenen Daten verwendet werden. Eine Verarbeitung meiner Daten f\u00fcr KI-Training widerspricht diesem Grundrecht.<\/p>\n\n\n\n<ol start=\"4\" class=\"wp-block-list\">\n<li>Mangelnde Transparenz und Kontrolle<\/li>\n<\/ol>\n\n\n\n<p>Die Verwendung meiner Daten f\u00fcr KI-Training erfolgt oft intransparent, und ich habe keine M\u00f6glichkeit, die Art und Weise der Verarbeitung oder die damit verbundenen Risiken zu kontrollieren. Dies verst\u00f6\u00dft gegen die Prinzipien der Transparenz und Fairness, die in der DSGVO verankert sind.<\/p>\n\n\n\n<p>Ich fordere Sie daher auf, meine personenbezogenen Daten unverz\u00fcglich aus allen Datenbanken zu entfernen, die f\u00fcr das Training von K\u00fcnstlicher Intelligenz verwendet werden, und mir schriftlich zu best\u00e4tigen, dass dieser Widerspruch umgesetzt wurde.<\/p>\n\n\n\n<p>Vielen Dank f\u00fcr Ihre Aufmerksamkeit. Ich erwarte Ihre zeitnahe R\u00fcckmeldung.<\/p>\n\n\n\n<p>Mit freundlichen Gr\u00fc\u00dfen.<\/p>\n\n\n\n<p>_<\/p>\n","protected":false},"excerpt":{"rendered":"<p>Folgenden Text habe ich soeben erfolgreich dazu genutzt, dem KI-Training mit meinen Daten zu widersprechen. Dieser kann nat\u00fcrlich auch abge\u00e4ndert&hellip;<\/p>\n","protected":false},"author":1,"featured_media":0,"comment_status":"open","ping_status":"open","sticky":false,"template":"","format":"standard","meta":{"ngg_post_thumbnail":0,"footnotes":""},"categories":[1,3],"tags":[295,150,293,294,296,297],"class_list":["post-1284","post","type-post","status-publish","format-standard","hentry","category-allgemein","category-software","tag-ai","tag-facebook","tag-ki","tag-meta","tag-training","tag-widerspruch"],"_links":{"self":[{"href":"https:\/\/gloeckle.org\/wordpress\/index.php?rest_route=\/wp\/v2\/posts\/1284","targetHints":{"allow":["GET"]}}],"collection":[{"href":"https:\/\/gloeckle.org\/wordpress\/index.php?rest_route=\/wp\/v2\/posts"}],"about":[{"href":"https:\/\/gloeckle.org\/wordpress\/index.php?rest_route=\/wp\/v2\/types\/post"}],"author":[{"embeddable":true,"href":"https:\/\/gloeckle.org\/wordpress\/index.php?rest_route=\/wp\/v2\/users\/1"}],"replies":[{"embeddable":true,"href":"https:\/\/gloeckle.org\/wordpress\/index.php?rest_route=%2Fwp%2Fv2%2Fcomments&post=1284"}],"version-history":[{"count":5,"href":"https:\/\/gloeckle.org\/wordpress\/index.php?rest_route=\/wp\/v2\/posts\/1284\/revisions"}],"predecessor-version":[{"id":1289,"href":"https:\/\/gloeckle.org\/wordpress\/index.php?rest_route=\/wp\/v2\/posts\/1284\/revisions\/1289"}],"wp:attachment":[{"href":"https:\/\/gloeckle.org\/wordpress\/index.php?rest_route=%2Fwp%2Fv2%2Fmedia&parent=1284"}],"wp:term":[{"taxonomy":"category","embeddable":true,"href":"https:\/\/gloeckle.org\/wordpress\/index.php?rest_route=%2Fwp%2Fv2%2Fcategories&post=1284"},{"taxonomy":"post_tag","embeddable":true,"href":"https:\/\/gloeckle.org\/wordpress\/index.php?rest_route=%2Fwp%2Fv2%2Ftags&post=1284"}],"curies":[{"name":"wp","href":"https:\/\/api.w.org\/{rel}","templated":true}]}}