{"id":1269,"date":"2025-04-13T18:44:14","date_gmt":"2025-04-13T16:44:14","guid":{"rendered":"https:\/\/gloeckle.org\/wordpress\/?p=1269"},"modified":"2025-04-13T18:44:14","modified_gmt":"2025-04-13T16:44:14","slug":"audio-review-imho","status":"publish","type":"post","link":"https:\/\/gloeckle.org\/wordpress\/?p=1269","title":{"rendered":"Audio review IMHO"},"content":{"rendered":"\n<p>IMHO und meiner Meinung nach, nach meinen Erfahrungen und mit meinem individuellen Geh\u00f6r.<br>Selbstverst\u00e4ndlich ist eine Audioerfahrung von so vielen Faktoren abh\u00e4ngig und sogar vom Alter selbst.<br>Somit kann jeder f\u00fcr sich selbst nur einen Vergleich ziehen wenn derjenige auch die diverse Hardware selbst testet und vergleicht.<\/p>\n\n\n\n<p>Am Ende steht immer die selbe goldene Regel:<br>Wenn du Freude daran hast, ist es nicht falsch. Ausgenommen den audiophilen Esotherik-Dreck \ud83d\ude09<br><\/p>\n\n\n\n<ul class=\"wp-block-list\">\n<li>Kopfh\u00f6rer \/ Headphones <\/li>\n\n\n\n<li>Lautsprecher \/ Speaker<\/li>\n\n\n\n<li>Verst\u00e4rker \/ AMP \/ AVR \/ DAC<\/li>\n<\/ul>\n\n\n\n<!--more-->\n\n\n\n<h2 class=\"wp-block-heading\" id=\"headphone\">&#8212; Kopfh\u00f6rer \/ Headphones &#8212;<\/h2>\n\n\n\n<p>Wie man in meiner Auswahl f\u00fcr den Schreibtisch erkennen kann, setze ich komplett auf offene Kopfh\u00f6rer. Ich bekomme zu schnell warme Ohren und Probleme mit den Geh\u00f6rg\u00e4ngen, wenn ich geschlossene nutze. Bin ich wohl zu empfindlich&#8230;<\/p>\n\n\n\n<p>Offene Kopfh\u00f6rer gelten generell als r\u00e4umlicher, weiter und nat\u00fcrlich luftiger. Daf\u00fcr sind sie f\u00fcr Unterwegs nat\u00fcrlich nicht zu gebrauchen. Ebenfalls wird die Umgebung damit auch nur wenig bis gar nicht ausgeschlossen.<\/p>\n\n\n\n<h2 class=\"wp-block-heading\"><a href=\"https:\/\/geizhals.de\/philips-shp9600-a2343553.html\" target=\"_blank\" rel=\"noreferrer noopener nofollow\">PHILIPS SHP9600<\/a><br>\ud83d\udc4d\ud83d\udc4d<\/h2>\n\n\n\n<figure class=\"wp-block-image size-large is-resized\"><img decoding=\"async\" src=\"https:\/\/gzhls.at\/i\/35\/53\/2343553-l0.jpg\" alt=\"\" style=\"width:402px;height:auto\"\/><\/figure>\n\n\n\n<h2 class=\"wp-block-heading\"><a href=\"https:\/\/www.edifier.com\/global\/p\/gaming-headphones\/g4-te\" target=\"_blank\" rel=\"noreferrer noopener nofollow\">Edifier G4 TE Hecate USB Gaming Headset<\/a><br>\ud83d\udc4d<\/h2>\n\n\n\n<figure class=\"wp-block-image size-large is-resized\"><img loading=\"lazy\" decoding=\"async\" width=\"993\" height=\"1000\" src=\"https:\/\/gloeckle.org\/wordpress\/wp-content\/uploads\/2025\/04\/71LpA0QZTEL._AC_UF10001000_QL80_.jpg\" alt=\"\" class=\"wp-image-1280\" style=\"width:523px;height:auto\" srcset=\"https:\/\/gloeckle.org\/wordpress\/wp-content\/uploads\/2025\/04\/71LpA0QZTEL._AC_UF10001000_QL80_.jpg 993w, https:\/\/gloeckle.org\/wordpress\/wp-content\/uploads\/2025\/04\/71LpA0QZTEL._AC_UF10001000_QL80_-150x150.jpg 150w, https:\/\/gloeckle.org\/wordpress\/wp-content\/uploads\/2025\/04\/71LpA0QZTEL._AC_UF10001000_QL80_-768x773.jpg 768w\" sizes=\"auto, (max-width: 993px) 100vw, 993px\" \/><\/figure>\n\n\n\n<h2 class=\"wp-block-heading\"><a href=\"https:\/\/geizhals.de\/philips-fidelio-schwarz-x2hr-00-a1558697.html\" target=\"_blank\" rel=\"noreferrer noopener nofollow\">PHILIPS Fidelio X2HR<\/a><br>\ud83d\udc4d\ud83d\udc4d\ud83d\udc4d\ud83d\udc4d<\/h2>\n\n\n\n<figure class=\"wp-block-image size-large\"><img decoding=\"async\" src=\"https:\/\/gzhls.at\/i\/86\/97\/1558697-l0.jpg\" alt=\"\"\/><\/figure>\n\n\n\n<h2 class=\"wp-block-heading\"><a href=\"https:\/\/geizhals.de\/audio-technica-ath-m50x-v43741.html\" target=\"_blank\" rel=\"noreferrer noopener nofollow\">Audio-Technica ATH-M50x<\/a><br>\ud83d\udc4d\ud83d\udc4d\ud83d\udc4d<\/h2>\n\n\n\n<figure class=\"wp-block-image size-large\"><img decoding=\"async\" src=\"https:\/\/gzhls.at\/i\/51\/67\/1065167-l0.jpg\" alt=\"\"\/><\/figure>\n\n\n\n<h2 class=\"wp-block-heading\"><a href=\"https:\/\/geizhals.de\/plantronics-backbeat-pro-schwarz-200590-05-a1172072.html\" target=\"_blank\" rel=\"noreferrer noopener nofollow\">Plantronics Backbeat Pro<\/a><br>\ud83d\udcf1\ud83d\udc4d\ud83d\udc4d\ud83d\udc4d\ud83d\ude22<\/h2>\n\n\n\n<figure class=\"wp-block-image size-large is-resized\"><img decoding=\"async\" src=\"https:\/\/gzhls.at\/i\/20\/72\/1172072-l1.jpg\" alt=\"\" style=\"width:456px;height:auto\"\/><\/figure>\n\n\n\n<h2 class=\"wp-block-heading\"><a href=\"https:\/\/geizhals.de\/soundpeats-air3-deluxe-hs-a2860610.html\" target=\"_blank\" rel=\"noreferrer noopener nofollow\">SoundPEATS Bluetooth Air3 Deluxe HS Semi In-Ear<\/a><br>\ud83d\udcf1\ud83d\udc4d<\/h2>\n\n\n\n<figure class=\"wp-block-image size-large\"><img decoding=\"async\" src=\"https:\/\/gzhls.at\/i\/06\/10\/2860610-l0.jpg\" alt=\"\"\/><\/figure>\n\n\n\n<h2 class=\"wp-block-heading\"><a href=\"https:\/\/geizhals.de\/samsung-galaxy-buds2-v82699.html\" target=\"_blank\" rel=\"noreferrer noopener nofollow\">Samsung Galaxy Buds2<\/a><br>\ud83d\udcf1\ud83d\udc4d\ud83d\udc4d\ud83d\udc4d\ud83d\ude22<\/h2>\n\n\n\n<figure class=\"wp-block-image size-large is-resized\"><img loading=\"lazy\" decoding=\"async\" width=\"2000\" height=\"2000\" src=\"https:\/\/gloeckle.org\/wordpress\/wp-content\/uploads\/2025\/04\/51CbmhZJlZL.jpg\" alt=\"\" class=\"wp-image-1281\" style=\"width:494px;height:auto\" srcset=\"https:\/\/gloeckle.org\/wordpress\/wp-content\/uploads\/2025\/04\/51CbmhZJlZL.jpg 2000w, https:\/\/gloeckle.org\/wordpress\/wp-content\/uploads\/2025\/04\/51CbmhZJlZL-150x150.jpg 150w, https:\/\/gloeckle.org\/wordpress\/wp-content\/uploads\/2025\/04\/51CbmhZJlZL-768x768.jpg 768w, https:\/\/gloeckle.org\/wordpress\/wp-content\/uploads\/2025\/04\/51CbmhZJlZL-1536x1536.jpg 1536w, https:\/\/gloeckle.org\/wordpress\/wp-content\/uploads\/2025\/04\/51CbmhZJlZL-300x300.jpg 300w\" sizes=\"auto, (max-width: 2000px) 100vw, 2000px\" \/><\/figure>\n\n\n\n<hr class=\"wp-block-separator has-alpha-channel-opacity\"\/>\n\n\n\n<h2 class=\"wp-block-heading\" id=\"speaker\">&#8212; Lautsprecher \/ Speaker &#8212;<\/h2>\n\n\n\n<h2 class=\"wp-block-heading\">Creative Pebble V2<\/h2>\n\n\n\n<h2 class=\"wp-block-heading\">Edifier R1700BT<\/h2>\n\n\n\n<h2 class=\"wp-block-heading\">Edifier R1280DB<\/h2>\n\n\n\n<hr class=\"wp-block-separator has-alpha-channel-opacity\"\/>\n\n\n\n<h2 class=\"wp-block-heading\" id=\"dac\">&#8212; Verst\u00e4rker \/ AMP \/ AVR \/ DAC &#8212;<\/h2>\n\n\n\n<h2 class=\"wp-block-heading\"><strong><a href=\"https:\/\/de.creative.com\/\" target=\"_blank\" rel=\"noreferrer noopener nofollow\">Creative Labs \/ Soundblaster &#8211; egal was von diesem M\u00fcllhaufen<\/a><\/strong><br>\ud83e\udd22\ud83e\udd2e<\/h2>\n\n\n\n<figure class=\"wp-block-image size-full\"><img loading=\"lazy\" decoding=\"async\" width=\"900\" height=\"181\" src=\"https:\/\/gloeckle.org\/wordpress\/wp-content\/uploads\/2025\/04\/creative_logo.png\" alt=\"\" class=\"wp-image-1270\" srcset=\"https:\/\/gloeckle.org\/wordpress\/wp-content\/uploads\/2025\/04\/creative_logo.png 900w, https:\/\/gloeckle.org\/wordpress\/wp-content\/uploads\/2025\/04\/creative_logo-768x154.png 768w\" sizes=\"auto, (max-width: 900px) 100vw, 900px\" \/><\/figure>\n\n\n\n<p>&#8230; bis 2019<br>Hier bin ich mega-biased und das ist mir bewusst. <br>TLDR: nach \u00fcber zwei Jahrzehnten und einigen Ger\u00e4ten werde ich wahrscheinlich nie wieder ein Ger\u00e4t von dieser Firma ausprobieren. Der Frust etwas zu m\u00f6gen und \u00fcber Monate oder Jahre dann unbrauchbare Ger\u00e4te zu haben, mit vielen Fehlern, f\u00fchlt sich nach billig, kurzweilig und &#8222;planned obsolescence&#8220; an.<br>Ich habe meinen Frust sogar direkt an Creative Labs erkl\u00e4rt &#8211; <a href=\"https:\/\/www.reddit.com\/r\/SoundBlasterOfficial\/comments\/j28zxg\/wake_up_creative_and_do_business\/\" target=\"_blank\" rel=\"noreferrer noopener nofollow\">siehe reddit<\/a> &#8211; f\u00fcr mehr Details.<\/p>\n\n\n\n<h2 class=\"wp-block-heading\"><a href=\"https:\/\/geizhals.de\/behringer-xenyx-302usb-a695227.html\" target=\"_blank\" rel=\"noreferrer noopener nofollow\"><strong>Behringer XENYX 302USB<\/strong><\/a><br>\ud83d\udc4e\ud83d\udc4e\ud83d\udc4e\ud83d\udc4d\ud83e\udd22<\/h2>\n\n\n\n<figure class=\"wp-block-image size-full is-resized\"><img loading=\"lazy\" decoding=\"async\" width=\"700\" height=\"690\" src=\"https:\/\/gloeckle.org\/wordpress\/wp-content\/uploads\/2025\/04\/Behringer-XENYX-302USB.jpg\" alt=\"\" class=\"wp-image-1271\" style=\"width:466px;height:auto\"\/><\/figure>\n\n\n\n<p>2020-2025<br>Nach nun &gt;4 Jahren werden die Regler wackelig und verlieren ab und an den Kontakt. Hinzu kommt eine Diskussion, dass dieses deutsche Unternehmen eigentlich nur billig von anderen kleinen Firmen klaut und das wohl sehr offensichtlich. Inklusive Anzeigen um Youtuber und andere Reviewer still zu legen. Somit wurde es Zeit diesen zu ersetzen. F\u00fcr seinen Preis und die M\u00f6glichkeiten ist es sicherlich kein schlechtes Ger\u00e4t, wenn man denn in Kauf nimmt, dass Behringer quasi nur Billig-Plagiate verkauft und somit Entwickler und andere Firmen quasi in den Ruin treibt.<\/p>\n\n\n\n<figure class=\"wp-block-embed is-type-video is-provider-youtube wp-block-embed-youtube wp-embed-aspect-16-9 wp-has-aspect-ratio\"><div class=\"wp-block-embed__wrapper\">\n<iframe loading=\"lazy\" title=\"Behringer: The Edgelords Of Music Production\" width=\"1140\" height=\"641\" src=\"https:\/\/www.youtube.com\/embed\/p5RSIWbZ6Vc?feature=oembed\" frameborder=\"0\" allow=\"accelerometer; autoplay; clipboard-write; encrypted-media; gyroscope; picture-in-picture; web-share\" referrerpolicy=\"strict-origin-when-cross-origin\" allowfullscreen><\/iframe>\n<\/div><\/figure>\n\n\n\n<h2 class=\"wp-block-heading\"><a href=\"https:\/\/geizhals.de\/fosi-audio-k5-pro-a2930704.html\" target=\"_blank\" rel=\"noreferrer noopener nofollow\"><strong>Fosi Audio K5 PRO<\/strong><\/a><br>\ud83d\udc4e<\/h2>\n\n\n\n<figure class=\"wp-block-image size-full\"><img loading=\"lazy\" decoding=\"async\" width=\"433\" height=\"196\" src=\"https:\/\/gloeckle.org\/wordpress\/wp-content\/uploads\/2025\/04\/2930704-l0.jpg\" alt=\"\" class=\"wp-image-1272\"\/><\/figure>\n\n\n\n<p>2025.APR<br>Im ersten Moment war ich begeistert, im Vergleich zum Behringer XENYX 302USB. Nach drei Liedern die ich gerade in Schleife h\u00f6re, wurde ich allerdings skeptisch. Verschluckt H\u00f6hen und Tiefen, deutlich zu h\u00f6ren im Vergleich selbst mit dem Behringer XENYX 302USB.<br>Als mir das aufgefallen ist hab ich gegooglet und <a href=\"https:\/\/www.audiosciencereview.com\/forum\/index.php?threads\/fosi-audio-k5-pro-gaming-dac-amp-review.40047\/\" target=\"_blank\" rel=\"noreferrer noopener nofollow\">diesen privaten Test<\/a> gefunden, der das tats\u00e4chlich genau auch aufzeigt. Somit mMn unbrauchbar.<\/p>\n\n\n\n<h2 class=\"wp-block-heading\"><strong><a href=\"https:\/\/geizhals.de\/fiio-k11-r2r-silber-a3355202.html\" target=\"_blank\" rel=\"noreferrer noopener nofollow\">FIIO K11 R2R<\/a><\/strong><br>\ud83d\udc4d\ud83d\udc4d\ud83d\udc4d\ud83d\udc4d\ud83d\udc4d<\/h2>\n\n\n\n<figure class=\"wp-block-image size-full\"><img loading=\"lazy\" decoding=\"async\" width=\"584\" height=\"373\" src=\"https:\/\/gloeckle.org\/wordpress\/wp-content\/uploads\/2025\/04\/fiio_k11_r2r.jpg\" alt=\"\" class=\"wp-image-1274\"\/><\/figure>\n\n\n\n<p>2025.APR<br>Bisher tadellos. Ich kann, mit meinen bisherigen M\u00f6glichkeiten, keinen Nachteil feststellen.<br>Voll, sehr detailiert, warm und funktioniert einwandfrei.<\/p>\n\n\n\n<h2 class=\"wp-block-heading\"><a href=\"https:\/\/geizhals.de\/fosi-audio-k7-a3467249.html\" target=\"_blank\" rel=\"noreferrer noopener nofollow\"><strong>Fosi Audio K7<\/strong><\/a><br>\ud83d\udc4e\ud83d\udc4e<\/h2>\n\n\n\n<figure class=\"wp-block-image size-full\"><img loading=\"lazy\" decoding=\"async\" width=\"436\" height=\"372\" src=\"https:\/\/gloeckle.org\/wordpress\/wp-content\/uploads\/2025\/04\/fosi_k7.jpg\" alt=\"\" class=\"wp-image-1275\"\/><\/figure>\n\n\n\n<p>2025.APR<br>Zu teuer f\u00fcr &gt;200\u20ac. Wenn der MIC Eingang eingesteckt wird, wird der balanced Ausgang leiser und scheint weiter weg. Auch ohne eingestecktes MIC, scheint der FIIO K11 R2R mehr Details, mehr F\u00fclle und W\u00e4rme auszugeben. Der BassBoost, oder hier Nicht-Bypass genannte pre-EQ, ist mit meinen PHILIPS Fidelio X2 viel zu heftig. Wenn man nichts hat, es keine Konkurenz g\u00e4be und diesen unter 100\u20ac bekommt, dann w\u00e4re es evtl. eine Kaufempfehlung. F\u00fcr &gt;200\u20ac gibt es mehr als genug Alternativen.<\/p>\n\n\n\n<p><\/p>\n","protected":false},"excerpt":{"rendered":"<p>IMHO und meiner Meinung nach, nach meinen Erfahrungen und mit meinem individuellen Geh\u00f6r.Selbstverst\u00e4ndlich ist eine Audioerfahrung von so vielen Faktoren&hellip;<\/p>\n","protected":false},"author":1,"featured_media":1279,"comment_status":"open","ping_status":"open","sticky":false,"template":"","format":"standard","meta":{"ngg_post_thumbnail":0,"footnotes":""},"categories":[158,4],"tags":[279,272,285,280,289,277,288,274,281,284,291,276,273,275,282,283,287,290,286,213,278],"class_list":["post-1269","post","type-post","status-publish","format-standard","has-post-thumbnail","hentry","category-hardware","category-zeug","tag-amp","tag-audio","tag-audio-technica","tag-avr","tag-behringer","tag-creative","tag-creative-labs","tag-dac","tag-edifier","tag-fiio","tag-fosi","tag-headphones","tag-kopfhoerer","tag-lautsprecher","tag-philips","tag-plantronics","tag-samsung","tag-soundblaster","tag-soundpeats","tag-speaker","tag-verstaerker"],"_links":{"self":[{"href":"https:\/\/gloeckle.org\/wordpress\/index.php?rest_route=\/wp\/v2\/posts\/1269","targetHints":{"allow":["GET"]}}],"collection":[{"href":"https:\/\/gloeckle.org\/wordpress\/index.php?rest_route=\/wp\/v2\/posts"}],"about":[{"href":"https:\/\/gloeckle.org\/wordpress\/index.php?rest_route=\/wp\/v2\/types\/post"}],"author":[{"embeddable":true,"href":"https:\/\/gloeckle.org\/wordpress\/index.php?rest_route=\/wp\/v2\/users\/1"}],"replies":[{"embeddable":true,"href":"https:\/\/gloeckle.org\/wordpress\/index.php?rest_route=%2Fwp%2Fv2%2Fcomments&post=1269"}],"version-history":[{"count":4,"href":"https:\/\/gloeckle.org\/wordpress\/index.php?rest_route=\/wp\/v2\/posts\/1269\/revisions"}],"predecessor-version":[{"id":1282,"href":"https:\/\/gloeckle.org\/wordpress\/index.php?rest_route=\/wp\/v2\/posts\/1269\/revisions\/1282"}],"wp:featuredmedia":[{"embeddable":true,"href":"https:\/\/gloeckle.org\/wordpress\/index.php?rest_route=\/wp\/v2\/media\/1279"}],"wp:attachment":[{"href":"https:\/\/gloeckle.org\/wordpress\/index.php?rest_route=%2Fwp%2Fv2%2Fmedia&parent=1269"}],"wp:term":[{"taxonomy":"category","embeddable":true,"href":"https:\/\/gloeckle.org\/wordpress\/index.php?rest_route=%2Fwp%2Fv2%2Fcategories&post=1269"},{"taxonomy":"post_tag","embeddable":true,"href":"https:\/\/gloeckle.org\/wordpress\/index.php?rest_route=%2Fwp%2Fv2%2Ftags&post=1269"}],"curies":[{"name":"wp","href":"https:\/\/api.w.org\/{rel}","templated":true}]}}