{"id":1058,"date":"2021-04-26T10:42:37","date_gmt":"2021-04-26T08:42:37","guid":{"rendered":"https:\/\/gloeckle.org\/wordpress\/?p=1058"},"modified":"2021-04-26T10:43:22","modified_gmt":"2021-04-26T08:43:22","slug":"apple-iphone-datenschutz-kampf-mit-facebook","status":"publish","type":"post","link":"https:\/\/gloeckle.org\/wordpress\/?p=1058","title":{"rendered":"Apple iPhone Datenschutz kampf mit Facebook"},"content":{"rendered":"<p>Das ZDF hat eine kurze, kleine Zusammenfassung des Themas gemacht. Gerade richtig f\u00fcr &#8222;Nicht-IT&#8217;ler&#8220;. Allerdings findet darin ein Vergleich statt der schwer hinkt und eine Diskussion die ich in den Kommentaren gef\u00fchrt habe. Das k\u00f6nnte f\u00fcr manchen von euch interessant sein um sich ein Bild zu machen.<\/p>\n\n\n<!--more-->\n\n\n\n<p>Wirklich wichtig:<br>Facebook Container<br>von Mozilla Firefox<br>Hindern Sie Facebook daran, Sie durch das Internet zu verfolgen. Mit dem Facebook-Container-Add-on f\u00fcr Firefox \u00fcbernehmen Sie die Kontrolle und k\u00f6nnen ganz einfach Ihre Aktivit\u00e4t im Netz von der auf Facebook isolieren.<br><a href=\"https:\/\/addons.mozilla.org\/en-US\/firefox\/addon\/facebook-container\/\" target=\"_blank\" rel=\"noreferrer noopener\">https:\/\/addons.mozilla.org\/de\/firefox\/addon\/facebook-container\/<\/a><\/p>\n\n\n\n<figure class=\"wp-block-embed is-type-video is-provider-youtube wp-block-embed-youtube wp-embed-aspect-16-9 wp-has-aspect-ratio\"><div class=\"wp-block-embed__wrapper\">\n<iframe loading=\"lazy\" title=\"Apple-Update bedroht Mark Zuckerbergs Gesch\u00e4fte\" width=\"1140\" height=\"641\" src=\"https:\/\/www.youtube.com\/embed\/rGDrE2qjFbY?feature=oembed\" frameborder=\"0\" allow=\"accelerometer; autoplay; clipboard-write; encrypted-media; gyroscope; picture-in-picture\" allowfullscreen><\/iframe>\n<\/div><\/figure>\n\n\n\n<p><strong>gloeckle<\/strong><br>13:13 &#8222;Auf iPhone gibt es mehr Datenschutz, auf Android erstmal nicht.&#8220; Recherche: setzen 6. \u00dcberhaupt klingt der Satz wie ne BILD\u00fcberschrift. Also dieser Beitrag ist prinzipiell eine kurze, gute, kleine Zusammenfassung aber dann in 3 Sekunden einen Vergleich zu ziehen zu etwas was gar nicht aufbereitet wird, ist schlicht Fehlinformation. Nat\u00fcrlich ist das Android \u00d6kosystem wesentlich komplexer da Hardwarehersteller einige Modifikationen selbst bestimmen. Aber das wenige was Apple da nun macht, gibts auf Android schon seit Jahren und auch wesentlich transparenter. Ebenso sei angemerkt, dass man jedes Androidger\u00e4t auch komplett googlefrei nutzen kann (DAS w\u00e4re eine Info im Vergleich gewesen &#8211; interessant zum Thema!) Ich h\u00e4tte noch viel mehr zu Sagen aber das sprengt dieses Kommentar =)<\/p>\n\n\n\n<p><strong>Leo Hristov<\/strong><br>Man sollte Huawei erw\u00e4hnen.<\/p>\n\n\n\n<p><strong>harmless<\/strong><br>&#8222;Aber das wenige was Apple da nun macht, gibts auf Android schon seit Jahren und auch wesentlich transparenter.&#8220; Gibt es nicht.<\/p>\n\n\n\n<p><strong>gloeckle<\/strong><br>@harmless Android &gt;&gt; settings &gt;&gt; privacy<br>&#8211; accessibility usage (apps with full access)<br>&#8211; permission manager (apps using storage, location, mic, logs, contacts, etc\u2026)<br>&#8211; activity controls (choose the activities and info that you allow google to save)<br>&#8211; Ads (advertising ID and personalisation)<br>and account controls and access to saved data with the ability to delete and modify: myaccount.google.com\/data-and-personalization<\/p>\n\n\n\n<p><strong>harmless<\/strong><br>@gloeckle Es geht doch aber nicht um den Schalter in den Einstellungen, sondern darum, da\u00df der Benutzer beim ersten Start einer App gefragt wird. Macht Android das auch? W\u00e4re mir neu \u2026<\/p>\n\n\n\n<p><strong>gloeckle<\/strong><br>@harmless &#8222;Android 6.0 Marshmallow introduced a new permissions model that lets apps request permissions from the user at runtime, rather than prior to installation.&#8220;<br>Android Marshmallow = release date October 5, 2015<\/p>\n\n\n\n<p>Keine Antwort mehr von harmless \u00fcber die n\u00e4chsten Tage.<\/p>\n\n\n\n<h3 class=\"wp-block-heading\">Fazit imho<\/h3>\n\n\n\n<p>Wie auch die Umweltkampagne oder auch Genius Repair von Apple ist das mehr Werbung als wirklicher Service. Sieht man auch daran wie es in den Medien einschl\u00e4gt und wer es aufnimmt. <\/p>\n\n\n\n<h3 class=\"wp-block-heading\">F\u00fcr alle die es mehr interessiert:<\/h3>\n\n\n\n<p><a href=\"https:\/\/www.golem.de\/news\/streit-mit-apple-facebook-plant-bildschirmfuellenden-datenschutzhinweis-2102-153833.html\">https:\/\/www.golem.de\/news\/streit-mit-apple-facebook-plant-bildschirmfuellenden-datenschutzhinweis-2102-153833.html<\/a><\/p>\n\n\n\n<p><a href=\"https:\/\/www.heise.de\/hintergrund\/Tracking-in-iOS-und-macOS-erkennen-und-unterbinden-6000969.html\">https:\/\/www.heise.de\/hintergrund\/Tracking-in-iOS-und-macOS-erkennen-und-unterbinden-6000969.html<\/a><\/p>\n\n\n\n<p><\/p>\n","protected":false},"excerpt":{"rendered":"<p>Das ZDF hat eine kurze, kleine Zusammenfassung des Themas gemacht. Gerade richtig f\u00fcr &#8222;Nicht-IT&#8217;ler&#8220;. Allerdings findet darin ein Vergleich statt&hellip;<\/p>\n","protected":false},"author":1,"featured_media":1059,"comment_status":"open","ping_status":"open","sticky":false,"template":"","format":"standard","meta":{"ngg_post_thumbnail":0,"footnotes":""},"categories":[3],"tags":[153,230,227,150,229,228],"class_list":["post-1058","post","type-post","status-publish","format-standard","has-post-thumbnail","hentry","category-software","tag-apple","tag-augenwischerei","tag-datenschutz","tag-facebook","tag-schalter","tag-streit"],"_links":{"self":[{"href":"https:\/\/gloeckle.org\/wordpress\/index.php?rest_route=\/wp\/v2\/posts\/1058","targetHints":{"allow":["GET"]}}],"collection":[{"href":"https:\/\/gloeckle.org\/wordpress\/index.php?rest_route=\/wp\/v2\/posts"}],"about":[{"href":"https:\/\/gloeckle.org\/wordpress\/index.php?rest_route=\/wp\/v2\/types\/post"}],"author":[{"embeddable":true,"href":"https:\/\/gloeckle.org\/wordpress\/index.php?rest_route=\/wp\/v2\/users\/1"}],"replies":[{"embeddable":true,"href":"https:\/\/gloeckle.org\/wordpress\/index.php?rest_route=%2Fwp%2Fv2%2Fcomments&post=1058"}],"version-history":[{"count":2,"href":"https:\/\/gloeckle.org\/wordpress\/index.php?rest_route=\/wp\/v2\/posts\/1058\/revisions"}],"predecessor-version":[{"id":1061,"href":"https:\/\/gloeckle.org\/wordpress\/index.php?rest_route=\/wp\/v2\/posts\/1058\/revisions\/1061"}],"wp:featuredmedia":[{"embeddable":true,"href":"https:\/\/gloeckle.org\/wordpress\/index.php?rest_route=\/wp\/v2\/media\/1059"}],"wp:attachment":[{"href":"https:\/\/gloeckle.org\/wordpress\/index.php?rest_route=%2Fwp%2Fv2%2Fmedia&parent=1058"}],"wp:term":[{"taxonomy":"category","embeddable":true,"href":"https:\/\/gloeckle.org\/wordpress\/index.php?rest_route=%2Fwp%2Fv2%2Fcategories&post=1058"},{"taxonomy":"post_tag","embeddable":true,"href":"https:\/\/gloeckle.org\/wordpress\/index.php?rest_route=%2Fwp%2Fv2%2Ftags&post=1058"}],"curies":[{"name":"wp","href":"https:\/\/api.w.org\/{rel}","templated":true}]}}